{"id":10660,"date":"2026-03-16T10:48:00","date_gmt":"2026-03-16T13:48:00","guid":{"rendered":"https:\/\/revistaconthato.com.br\/?p=10660"},"modified":"2026-03-16T11:10:21","modified_gmt":"2026-03-16T14:10:21","slug":"educacao-em-luta-sind-ute-denuncia-ao-mec-descaso-do-governo-zema-com-professores-de-minas","status":"publish","type":"post","link":"https:\/\/revistaconthato.com.br\/index.php\/2026\/03\/16\/educacao-em-luta-sind-ute-denuncia-ao-mec-descaso-do-governo-zema-com-professores-de-minas\/","title":{"rendered":"EDUCA\u00c7\u00c3O EM LUTA: SIND-UTE DENUNCIA AO MEC DESCASO DO GOVERNO ZEMA COM PROFESSORES DE MINAS"},"content":{"rendered":"\n<p>Para o Sind-UTE\/MG, a mobiliza\u00e7\u00e3o da categoria seguir\u00e1 firme. Sem valoriza\u00e7\u00e3o dos trabalhadores da educa\u00e7\u00e3o n\u00e3o h\u00e1 escola p\u00fablica de qualidade.<\/p>\n\n\n\n<figure class=\"wp-block-image size-large is-resized\"><img fetchpriority=\"high\" decoding=\"async\" width=\"700\" height=\"1024\" src=\"https:\/\/revistaconthato.com.br\/wp-content\/uploads\/2026\/03\/IMG-20260313-WA0025-700x1024.jpg\" alt=\"\" class=\"wp-image-10725\" style=\"width:779px;height:auto\" srcset=\"https:\/\/revistaconthato.com.br\/wp-content\/uploads\/2026\/03\/IMG-20260313-WA0025-700x1024.jpg 700w, https:\/\/revistaconthato.com.br\/wp-content\/uploads\/2026\/03\/IMG-20260313-WA0025-205x300.jpg 205w, https:\/\/revistaconthato.com.br\/wp-content\/uploads\/2026\/03\/IMG-20260313-WA0025-768x1124.jpg 768w, https:\/\/revistaconthato.com.br\/wp-content\/uploads\/2026\/03\/IMG-20260313-WA0025-585x856.jpg 585w, https:\/\/revistaconthato.com.br\/wp-content\/uploads\/2026\/03\/IMG-20260313-WA0025.jpg 868w\" sizes=\"(max-width: 700px) 100vw, 700px\" \/><\/figure>\n\n\n\n<p>Nesta quinta-feira (12\/03), dirigentes do Sind-UTE\/MG \u2013 Subsede de Campo Belo estiveram com o ministro da Educa\u00e7\u00e3o, Camilo Santana, durante sua visita \u00e0 Universidade Federal de Lavras (UFLA), onde foram anunciados 12 novos cursos e a constru\u00e7\u00e3o do hospital universit\u00e1rio da institui\u00e7\u00e3o.<\/p>\n\n\n\n<figure class=\"wp-block-image size-large\"><img decoding=\"async\" width=\"838\" height=\"1024\" src=\"https:\/\/revistaconthato.com.br\/wp-content\/uploads\/2026\/03\/Novos-cursos-da-UFLA-com-apoio-do-MEC-certo-1-838x1024.png\" alt=\"\" class=\"wp-image-10723\" srcset=\"https:\/\/revistaconthato.com.br\/wp-content\/uploads\/2026\/03\/Novos-cursos-da-UFLA-com-apoio-do-MEC-certo-1-838x1024.png 838w, https:\/\/revistaconthato.com.br\/wp-content\/uploads\/2026\/03\/Novos-cursos-da-UFLA-com-apoio-do-MEC-certo-1-246x300.png 246w, https:\/\/revistaconthato.com.br\/wp-content\/uploads\/2026\/03\/Novos-cursos-da-UFLA-com-apoio-do-MEC-certo-1-768x938.png 768w, https:\/\/revistaconthato.com.br\/wp-content\/uploads\/2026\/03\/Novos-cursos-da-UFLA-com-apoio-do-MEC-certo-1-585x715.png 585w, https:\/\/revistaconthato.com.br\/wp-content\/uploads\/2026\/03\/Novos-cursos-da-UFLA-com-apoio-do-MEC-certo-1.png 1024w\" sizes=\"(max-width: 838px) 100vw, 838px\" \/><\/figure>\n\n\n\n<p>A presen\u00e7a da dire\u00e7\u00e3o sindical no evento teve um objetivo claro: denunciar a grave situa\u00e7\u00e3o vivida pelos profissionais da educa\u00e7\u00e3o da rede estadual de Minas Gerais. Durante o encontro, os representantes do sindicato relataram ao ministro o processo de empobrecimento da categoria, provocado pela pol\u00edtica do governador Romeu Zema, que se recusa a cumprir integralmente os reajustes do Piso Nacional do Magist\u00e9rio.<\/p>\n\n\n\n<figure class=\"wp-block-image size-large is-resized\"><img decoding=\"async\" width=\"626\" height=\"1024\" src=\"https:\/\/revistaconthato.com.br\/wp-content\/uploads\/2026\/03\/IMG-20260313-WA0026-626x1024.jpg\" alt=\"\" class=\"wp-image-10726\" style=\"width:777px;height:auto\" srcset=\"https:\/\/revistaconthato.com.br\/wp-content\/uploads\/2026\/03\/IMG-20260313-WA0026-626x1024.jpg 626w, https:\/\/revistaconthato.com.br\/wp-content\/uploads\/2026\/03\/IMG-20260313-WA0026-183x300.jpg 183w, https:\/\/revistaconthato.com.br\/wp-content\/uploads\/2026\/03\/IMG-20260313-WA0026-768x1256.jpg 768w, https:\/\/revistaconthato.com.br\/wp-content\/uploads\/2026\/03\/IMG-20260313-WA0026-585x956.jpg 585w, https:\/\/revistaconthato.com.br\/wp-content\/uploads\/2026\/03\/IMG-20260313-WA0026.jpg 819w\" sizes=\"(max-width: 626px) 100vw, 626px\" \/><\/figure>\n\n\n\n<p>Segundo o sindicato, essa pol\u00edtica j\u00e1 acumula uma defasagem salarial de 41,83% nos vencimentos dos trabalhadores e trabalhadoras da educa\u00e7\u00e3o, aprofundando a precariza\u00e7\u00e3o da carreira docente e desvalorizando quem sustenta a escola p\u00fablica mineira.<\/p>\n\n\n<div class=\"wp-block-image\">\n<figure class=\"aligncenter size-full is-resized\"><img loading=\"lazy\" decoding=\"async\" width=\"551\" height=\"364\" src=\"https:\/\/revistaconthato.com.br\/wp-content\/uploads\/2026\/03\/f4e64703-cf0e-4281-8f03-5e495c810ec0.jpg\" alt=\"\" class=\"wp-image-10732\" style=\"width:465px;height:auto\" srcset=\"https:\/\/revistaconthato.com.br\/wp-content\/uploads\/2026\/03\/f4e64703-cf0e-4281-8f03-5e495c810ec0.jpg 551w, https:\/\/revistaconthato.com.br\/wp-content\/uploads\/2026\/03\/f4e64703-cf0e-4281-8f03-5e495c810ec0-300x198.jpg 300w, https:\/\/revistaconthato.com.br\/wp-content\/uploads\/2026\/03\/f4e64703-cf0e-4281-8f03-5e495c810ec0-263x175.jpg 263w\" sizes=\"(max-width: 551px) 100vw, 551px\" \/><\/figure><\/div>\n\n\n<p>O coordenador da Subsede do Sind-UTE em Campo Belo, Ezequiel G\u00eanesis de Resende, destacou que a situa\u00e7\u00e3o chegou a um limite.<br>\u201cOs profissionais da educa\u00e7\u00e3o est\u00e3o cada vez mais empobrecidos. O governo de Minas insiste em ignorar a lei do piso e desvaloriza quem constr\u00f3i a educa\u00e7\u00e3o p\u00fablica todos os dias\u201d, afirmou.<\/p>\n\n\n\n<figure class=\"wp-block-image size-large\"><img loading=\"lazy\" decoding=\"async\" width=\"782\" height=\"1024\" src=\"https:\/\/revistaconthato.com.br\/wp-content\/uploads\/2026\/03\/IMG-20260313-WA0024-782x1024.jpg\" alt=\"\" class=\"wp-image-10728\" srcset=\"https:\/\/revistaconthato.com.br\/wp-content\/uploads\/2026\/03\/IMG-20260313-WA0024-782x1024.jpg 782w, https:\/\/revistaconthato.com.br\/wp-content\/uploads\/2026\/03\/IMG-20260313-WA0024-229x300.jpg 229w, https:\/\/revistaconthato.com.br\/wp-content\/uploads\/2026\/03\/IMG-20260313-WA0024-768x1006.jpg 768w, https:\/\/revistaconthato.com.br\/wp-content\/uploads\/2026\/03\/IMG-20260313-WA0024-585x766.jpg 585w, https:\/\/revistaconthato.com.br\/wp-content\/uploads\/2026\/03\/IMG-20260313-WA0024.jpg 916w\" sizes=\"(max-width: 782px) 100vw, 782px\" \/><\/figure>\n\n\n\n<p>Tamb\u00e9m participou da agenda o membro da dire\u00e7\u00e3o estadual do sindicato, Vauvenarques Lopes, que refor\u00e7ou a necessidade de ampliar a press\u00e3o pol\u00edtica para garantir o cumprimento da legisla\u00e7\u00e3o nacional. Segundo ele, a luta da categoria \u00e9 por respeito, valoriza\u00e7\u00e3o profissional e investimento real na escola p\u00fablica.<\/p>\n\n\n\n<figure class=\"wp-block-image size-full\"><img loading=\"lazy\" decoding=\"async\" width=\"1014\" height=\"940\" src=\"https:\/\/revistaconthato.com.br\/wp-content\/uploads\/2026\/03\/image-35.png\" alt=\"\" class=\"wp-image-10734\" srcset=\"https:\/\/revistaconthato.com.br\/wp-content\/uploads\/2026\/03\/image-35.png 1014w, https:\/\/revistaconthato.com.br\/wp-content\/uploads\/2026\/03\/image-35-300x278.png 300w, https:\/\/revistaconthato.com.br\/wp-content\/uploads\/2026\/03\/image-35-768x712.png 768w, https:\/\/revistaconthato.com.br\/wp-content\/uploads\/2026\/03\/image-35-585x542.png 585w\" sizes=\"(max-width: 1014px) 100vw, 1014px\" \/><\/figure>\n\n\n\n<p>Durante a reuni\u00e3o, a dire\u00e7\u00e3o do sindicato entregou um of\u00edcio diretamente ao ministro, relatando a situa\u00e7\u00e3o da educa\u00e7\u00e3o em Minas Gerais e solicitando que o Minist\u00e9rio da Educa\u00e7\u00e3o acompanhe e cobre do governo estadual o cumprimento da legisla\u00e7\u00e3o do piso nacional do magist\u00e9rio.<\/p>\n\n\n\n<figure class=\"wp-block-image size-large\"><img loading=\"lazy\" decoding=\"async\" width=\"1024\" height=\"744\" src=\"https:\/\/revistaconthato.com.br\/wp-content\/uploads\/2026\/03\/IMG-20260315-WA0277-1-1024x744.jpg\" alt=\"\" class=\"wp-image-10748\" srcset=\"https:\/\/revistaconthato.com.br\/wp-content\/uploads\/2026\/03\/IMG-20260315-WA0277-1-1024x744.jpg 1024w, https:\/\/revistaconthato.com.br\/wp-content\/uploads\/2026\/03\/IMG-20260315-WA0277-1-300x218.jpg 300w, https:\/\/revistaconthato.com.br\/wp-content\/uploads\/2026\/03\/IMG-20260315-WA0277-1-768x558.jpg 768w, https:\/\/revistaconthato.com.br\/wp-content\/uploads\/2026\/03\/IMG-20260315-WA0277-1-1170x850.jpg 1170w, https:\/\/revistaconthato.com.br\/wp-content\/uploads\/2026\/03\/IMG-20260315-WA0277-1-585x425.jpg 585w, https:\/\/revistaconthato.com.br\/wp-content\/uploads\/2026\/03\/IMG-20260315-WA0277-1.jpg 1307w\" sizes=\"(max-width: 1024px) 100vw, 1024px\" \/><\/figure>\n\n\n\n<figure class=\"wp-block-image size-large is-resized\"><img loading=\"lazy\" decoding=\"async\" width=\"683\" height=\"1024\" src=\"https:\/\/revistaconthato.com.br\/wp-content\/uploads\/2026\/03\/c8bf6760-c517-40d7-b864-0b633fcf72b6-683x1024.png\" alt=\"\" class=\"wp-image-10750\" style=\"width:780px;height:auto\" srcset=\"https:\/\/revistaconthato.com.br\/wp-content\/uploads\/2026\/03\/c8bf6760-c517-40d7-b864-0b633fcf72b6-683x1024.png 683w, https:\/\/revistaconthato.com.br\/wp-content\/uploads\/2026\/03\/c8bf6760-c517-40d7-b864-0b633fcf72b6-200x300.png 200w, https:\/\/revistaconthato.com.br\/wp-content\/uploads\/2026\/03\/c8bf6760-c517-40d7-b864-0b633fcf72b6-768x1152.png 768w, https:\/\/revistaconthato.com.br\/wp-content\/uploads\/2026\/03\/c8bf6760-c517-40d7-b864-0b633fcf72b6-585x878.png 585w, https:\/\/revistaconthato.com.br\/wp-content\/uploads\/2026\/03\/c8bf6760-c517-40d7-b864-0b633fcf72b6.png 1024w\" sizes=\"(max-width: 683px) 100vw, 683px\" \/><\/figure>\n","protected":false},"excerpt":{"rendered":"<p>Para o Sind-UTE\/MG, a mobiliza\u00e7\u00e3o da categoria seguir\u00e1 firme. Sem valoriza\u00e7\u00e3o dos trabalhadores da educa\u00e7\u00e3o n\u00e3o h\u00e1 escola p\u00fablica de qualidade. Nesta&hellip;<\/p>\n","protected":false},"author":2,"featured_media":10741,"comment_status":"open","ping_status":"closed","sticky":false,"template":"","format":"standard","meta":{"content-type":"","footnotes":""},"categories":[1],"tags":[],"class_list":["post-10660","post","type-post","status-publish","format-standard","has-post-thumbnail","hentry","category-sem-categoria"],"_links":{"self":[{"href":"https:\/\/revistaconthato.com.br\/index.php\/wp-json\/wp\/v2\/posts\/10660"}],"collection":[{"href":"https:\/\/revistaconthato.com.br\/index.php\/wp-json\/wp\/v2\/posts"}],"about":[{"href":"https:\/\/revistaconthato.com.br\/index.php\/wp-json\/wp\/v2\/types\/post"}],"author":[{"embeddable":true,"href":"https:\/\/revistaconthato.com.br\/index.php\/wp-json\/wp\/v2\/users\/2"}],"replies":[{"embeddable":true,"href":"https:\/\/revistaconthato.com.br\/index.php\/wp-json\/wp\/v2\/comments?post=10660"}],"version-history":[{"count":20,"href":"https:\/\/revistaconthato.com.br\/index.php\/wp-json\/wp\/v2\/posts\/10660\/revisions"}],"predecessor-version":[{"id":10751,"href":"https:\/\/revistaconthato.com.br\/index.php\/wp-json\/wp\/v2\/posts\/10660\/revisions\/10751"}],"wp:featuredmedia":[{"embeddable":true,"href":"https:\/\/revistaconthato.com.br\/index.php\/wp-json\/wp\/v2\/media\/10741"}],"wp:attachment":[{"href":"https:\/\/revistaconthato.com.br\/index.php\/wp-json\/wp\/v2\/media?parent=10660"}],"wp:term":[{"taxonomy":"category","embeddable":true,"href":"https:\/\/revistaconthato.com.br\/index.php\/wp-json\/wp\/v2\/categories?post=10660"},{"taxonomy":"post_tag","embeddable":true,"href":"https:\/\/revistaconthato.com.br\/index.php\/wp-json\/wp\/v2\/tags?post=10660"}],"curies":[{"name":"wp","href":"https:\/\/api.w.org\/{rel}","templated":true}]}}