{"id":6152,"date":"2024-05-02T00:08:35","date_gmt":"2024-05-02T03:08:35","guid":{"rendered":"https:\/\/revistaconthato.com.br\/?p=6152"},"modified":"2024-06-18T00:13:26","modified_gmt":"2024-06-18T03:13:26","slug":"auto-eletrica-uniao-candeias-mg","status":"publish","type":"post","link":"https:\/\/revistaconthato.com.br\/index.php\/2024\/05\/02\/auto-eletrica-uniao-candeias-mg\/","title":{"rendered":"Auto El\u00e9trica Uni\u00e3o \u2013 Candeias MG"},"content":{"rendered":"\n<p>A Auto El\u00e9trica Uni\u00e3o MM Ltda em Candeias, MG, \u00e9 um estabelecimento especializado em servi\u00e7os de auto el\u00e9trica na regi\u00e3o. <\/p>\n\n\n\n<figure class=\"wp-block-image size-large\"><img fetchpriority=\"high\" decoding=\"async\" width=\"1024\" height=\"576\" src=\"https:\/\/revistaconthato.com.br\/wp-content\/uploads\/2024\/05\/Imagem-do-WhatsApp-de-2024-04-30-as-09.14.03_a39ff2cf-1024x576.jpg\" alt=\"\" class=\"wp-image-6146\" srcset=\"https:\/\/revistaconthato.com.br\/wp-content\/uploads\/2024\/05\/Imagem-do-WhatsApp-de-2024-04-30-as-09.14.03_a39ff2cf-1024x576.jpg 1024w, https:\/\/revistaconthato.com.br\/wp-content\/uploads\/2024\/05\/Imagem-do-WhatsApp-de-2024-04-30-as-09.14.03_a39ff2cf-300x169.jpg 300w, https:\/\/revistaconthato.com.br\/wp-content\/uploads\/2024\/05\/Imagem-do-WhatsApp-de-2024-04-30-as-09.14.03_a39ff2cf-768x432.jpg 768w, https:\/\/revistaconthato.com.br\/wp-content\/uploads\/2024\/05\/Imagem-do-WhatsApp-de-2024-04-30-as-09.14.03_a39ff2cf-1170x658.jpg 1170w, https:\/\/revistaconthato.com.br\/wp-content\/uploads\/2024\/05\/Imagem-do-WhatsApp-de-2024-04-30-as-09.14.03_a39ff2cf-585x329.jpg 585w, https:\/\/revistaconthato.com.br\/wp-content\/uploads\/2024\/05\/Imagem-do-WhatsApp-de-2024-04-30-as-09.14.03_a39ff2cf.jpg 1280w\" sizes=\"(max-width: 1024px) 100vw, 1024px\" \/><\/figure>\n\n\n\n<p>Seu propriet\u00e1rio Marcelo Rios com ajuda do irm\u00e3o M\u00e1rcio, s\u00e3o os respons\u00e1veis pela administra\u00e7\u00e3o ou opera\u00e7\u00e3o do neg\u00f3cio.<\/p>\n\n\n\n<figure class=\"wp-block-image size-large\"><img decoding=\"async\" width=\"1024\" height=\"643\" src=\"https:\/\/revistaconthato.com.br\/wp-content\/uploads\/2024\/05\/Imagem-do-WhatsApp-de-2024-04-30-as-09.14.03_201a9109-e1714617030498-1024x643.jpg\" alt=\"\" class=\"wp-image-6143\" srcset=\"https:\/\/revistaconthato.com.br\/wp-content\/uploads\/2024\/05\/Imagem-do-WhatsApp-de-2024-04-30-as-09.14.03_201a9109-e1714617030498-1024x643.jpg 1024w, https:\/\/revistaconthato.com.br\/wp-content\/uploads\/2024\/05\/Imagem-do-WhatsApp-de-2024-04-30-as-09.14.03_201a9109-e1714617030498-300x188.jpg 300w, https:\/\/revistaconthato.com.br\/wp-content\/uploads\/2024\/05\/Imagem-do-WhatsApp-de-2024-04-30-as-09.14.03_201a9109-e1714617030498-768x482.jpg 768w, https:\/\/revistaconthato.com.br\/wp-content\/uploads\/2024\/05\/Imagem-do-WhatsApp-de-2024-04-30-as-09.14.03_201a9109-e1714617030498-585x367.jpg 585w, https:\/\/revistaconthato.com.br\/wp-content\/uploads\/2024\/05\/Imagem-do-WhatsApp-de-2024-04-30-as-09.14.03_201a9109-e1714617030498.jpg 1147w\" sizes=\"(max-width: 1024px) 100vw, 1024px\" \/><\/figure>\n\n\n\n<p>A Empresa de auto el\u00e9trica oferece uma variedade de servi\u00e7os relacionados ao sistema el\u00e9trico de ve\u00edculos automotores, incluindo reparo e manuten\u00e7\u00e3o de sistemas de partida, alternadores, ilumina\u00e7\u00e3o, sistemas de igni\u00e7\u00e3o, e outros componentes el\u00e9tricos e eletr\u00f4nicos.<\/p>\n\n\n\n<figure class=\"wp-block-gallery has-nested-images columns-default is-cropped wp-block-gallery-1 is-layout-flex wp-block-gallery-is-layout-flex\"><\/figure>\n\n\n\n<p>Se voc\u00ea est\u00e1 precisando de servi\u00e7os de auto el\u00e9trica em Candeias e tamb\u00e9m Camacho, Campo Belo, MG, a Auto El\u00e9trica Uni\u00e3o pode ser uma op\u00e7\u00e3o a considerar. Recomendaria entrar em contato diretamente com eles para obter informa\u00e7\u00f5es sobre os servi\u00e7os oferecidos, hor\u00e1rios de funcionamento e qualquer outra d\u00favida que possa ter.Rua Ozanan Levindo Coelho, 511, logo na entrada de Candeias, MG, chegando de Campo Belo ante da via f\u00e9rrea.contato: WhatsApp 35 98493715.<\/p>\n\n\n\n<p><\/p>\n\n\n\n<p><\/p>\n","protected":false},"excerpt":{"rendered":"<p>A Auto El\u00e9trica Uni\u00e3o MM Ltda em Candeias, MG, \u00e9 um estabelecimento especializado em servi\u00e7os de auto el\u00e9trica na regi\u00e3o. Seu propriet\u00e1rio&hellip;<\/p>\n","protected":false},"author":2,"featured_media":6154,"comment_status":"open","ping_status":"closed","sticky":false,"template":"","format":"standard","meta":{"content-type":"","footnotes":""},"categories":[19,41,17,42],"tags":[],"class_list":["post-6152","post","type-post","status-publish","format-standard","has-post-thumbnail","hentry","category-featured","category-familia","category-business","category-trabalhos"],"_links":{"self":[{"href":"https:\/\/revistaconthato.com.br\/index.php\/wp-json\/wp\/v2\/posts\/6152"}],"collection":[{"href":"https:\/\/revistaconthato.com.br\/index.php\/wp-json\/wp\/v2\/posts"}],"about":[{"href":"https:\/\/revistaconthato.com.br\/index.php\/wp-json\/wp\/v2\/types\/post"}],"author":[{"embeddable":true,"href":"https:\/\/revistaconthato.com.br\/index.php\/wp-json\/wp\/v2\/users\/2"}],"replies":[{"embeddable":true,"href":"https:\/\/revistaconthato.com.br\/index.php\/wp-json\/wp\/v2\/comments?post=6152"}],"version-history":[{"count":4,"href":"https:\/\/revistaconthato.com.br\/index.php\/wp-json\/wp\/v2\/posts\/6152\/revisions"}],"predecessor-version":[{"id":6157,"href":"https:\/\/revistaconthato.com.br\/index.php\/wp-json\/wp\/v2\/posts\/6152\/revisions\/6157"}],"wp:featuredmedia":[{"embeddable":true,"href":"https:\/\/revistaconthato.com.br\/index.php\/wp-json\/wp\/v2\/media\/6154"}],"wp:attachment":[{"href":"https:\/\/revistaconthato.com.br\/index.php\/wp-json\/wp\/v2\/media?parent=6152"}],"wp:term":[{"taxonomy":"category","embeddable":true,"href":"https:\/\/revistaconthato.com.br\/index.php\/wp-json\/wp\/v2\/categories?post=6152"},{"taxonomy":"post_tag","embeddable":true,"href":"https:\/\/revistaconthato.com.br\/index.php\/wp-json\/wp\/v2\/tags?post=6152"}],"curies":[{"name":"wp","href":"https:\/\/api.w.org\/{rel}","templated":true}]}}